{"id":23828,"date":"2025-01-06T16:07:07","date_gmt":"2025-01-06T19:07:07","guid":{"rendered":"https:\/\/farmaciaschilespa.cl\/?p=23828"},"modified":"2025-01-06T16:07:07","modified_gmt":"2025-01-06T19:07:07","slug":"como-prevenir-las-alergias-estacionales-en-verano","status":"publish","type":"post","link":"https:\/\/farmaciaschilespa.cl\/index.php\/como-prevenir-las-alergias-estacionales-en-verano\/","title":{"rendered":"C\u00f3mo prevenir las alergias estacionales en verano"},"content":{"rendered":"<p>Las alergias estacionales son comunes en el verano debido a la mayor concentraci\u00f3n de polen en el aire y a otros factores como el polvo y la contaminaci\u00f3n. En Chile, los cambios en el clima tambi\u00e9n pueden aumentar la incidencia de estas alergias. Los s\u00edntomas como estornudos, congesti\u00f3n nasal y picaz\u00f3n en los ojos pueden arruinar el disfrute de la temporada si no se toman las precauciones adecuadas.<\/p>\n<p>Para prevenir las alergias estacionales en verano, es importante estar atento a los niveles de polen en tu \u00e1rea. Muchos servicios meteorol\u00f3gicos ofrecen informes diarios sobre la concentraci\u00f3n de polen, lo que te permitir\u00e1 planificar actividades al aire libre con mayor facilidad. Tambi\u00e9n es recomendable mantener las ventanas cerradas durante las horas de mayor concentraci\u00f3n de polen, especialmente por la ma\u00f1ana.<\/p>\n<p>El uso de antihistam\u00ednicos puede ser \u00fatil para aliviar los s\u00edntomas, pero siempre es mejor consultar con un m\u00e9dico antes de comenzar cualquier tratamiento. Adem\u00e1s, lavarse las manos y la cara con frecuencia despu\u00e9s de estar al aire libre puede ayudar a eliminar el polen que se haya acumulado en la piel y las v\u00edas respiratorias.<\/p>\n","protected":false},"excerpt":{"rendered":"<p>Las alergias estacionales son comunes en el verano debido a la mayor concentraci\u00f3n de polen en el aire y a otros factores como el polvo y la contaminaci\u00f3n. En Chile, los cambios en el clima tambi\u00e9n pueden aumentar la incidencia de estas alergias. Los s\u00edntomas como estornudos, congesti\u00f3n nasal y picaz\u00f3n en los ojos pueden&#8230;<\/p>\n","protected":false},"author":428,"featured_media":15863,"comment_status":"closed","ping_status":"closed","sticky":false,"template":"","format":"standard","meta":{"_acf_changed":false,"footnotes":""},"categories":[1],"tags":[],"class_list":["post-23828","post","type-post","status-publish","format-standard","has-post-thumbnail","hentry","category-salud-y-bienestar"],"acf":[],"_links":{"self":[{"href":"https:\/\/farmaciaschilespa.cl\/index.php\/wp-json\/wp\/v2\/posts\/23828","targetHints":{"allow":["GET"]}}],"collection":[{"href":"https:\/\/farmaciaschilespa.cl\/index.php\/wp-json\/wp\/v2\/posts"}],"about":[{"href":"https:\/\/farmaciaschilespa.cl\/index.php\/wp-json\/wp\/v2\/types\/post"}],"author":[{"embeddable":true,"href":"https:\/\/farmaciaschilespa.cl\/index.php\/wp-json\/wp\/v2\/users\/428"}],"replies":[{"embeddable":true,"href":"https:\/\/farmaciaschilespa.cl\/index.php\/wp-json\/wp\/v2\/comments?post=23828"}],"version-history":[{"count":1,"href":"https:\/\/farmaciaschilespa.cl\/index.php\/wp-json\/wp\/v2\/posts\/23828\/revisions"}],"predecessor-version":[{"id":23829,"href":"https:\/\/farmaciaschilespa.cl\/index.php\/wp-json\/wp\/v2\/posts\/23828\/revisions\/23829"}],"wp:featuredmedia":[{"embeddable":true,"href":"https:\/\/farmaciaschilespa.cl\/index.php\/wp-json\/wp\/v2\/media\/15863"}],"wp:attachment":[{"href":"https:\/\/farmaciaschilespa.cl\/index.php\/wp-json\/wp\/v2\/media?parent=23828"}],"wp:term":[{"taxonomy":"category","embeddable":true,"href":"https:\/\/farmaciaschilespa.cl\/index.php\/wp-json\/wp\/v2\/categories?post=23828"},{"taxonomy":"post_tag","embeddable":true,"href":"https:\/\/farmaciaschilespa.cl\/index.php\/wp-json\/wp\/v2\/tags?post=23828"}],"curies":[{"name":"wp","href":"https:\/\/api.w.org\/{rel}","templated":true}]}}