{"id":23823,"date":"2025-01-06T16:20:45","date_gmt":"2025-01-06T19:20:45","guid":{"rendered":"https:\/\/farmaciaschilespa.cl\/?p=23823"},"modified":"2025-01-06T16:20:45","modified_gmt":"2025-01-06T19:20:45","slug":"como-cuidar-tus-ojos-del-sol-intenso-durante-el-verano","status":"publish","type":"post","link":"https:\/\/farmaciaschilespa.cl\/index.php\/como-cuidar-tus-ojos-del-sol-intenso-durante-el-verano\/","title":{"rendered":"C\u00f3mo cuidar tus ojos del sol intenso durante el verano"},"content":{"rendered":"<p>La exposici\u00f3n prolongada a los rayos ultravioleta (UV) del sol no solo afecta a la piel, sino tambi\u00e9n a los ojos. En el verano, especialmente en Chile, donde las temperaturas suben considerablemente, es esencial tomar precauciones para proteger la vista de los da\u00f1os causados por la radiaci\u00f3n solar.<\/p>\n<p>Una de las mejores formas de proteger los ojos es usando gafas de sol con protecci\u00f3n UV. No todas las gafas de sol ofrecen la misma protecci\u00f3n, por lo que es importante elegir un par que bloquee al menos el 99% de los rayos UVA y UVB. Las gafas con lentes grandes o envolventes ofrecen una mejor protecci\u00f3n, ya que cubren m\u00e1s \u00e1reas alrededor de los ojos.<\/p>\n<p>Adem\u00e1s de las gafas de sol, es recomendable evitar la exposici\u00f3n al sol directo en las horas de mayor intensidad, entre las 10:00 a.m. y las 4:00 p.m. Si tienes que estar al aire libre durante estas horas, busca la sombra o usa un sombrero de ala ancha para reducir la cantidad de luz solar que llega a tus ojos.<\/p>\n<p>El uso de l\u00e1grimas artificiales tambi\u00e9n puede ser \u00fatil para prevenir la sequedad ocular causada por la exposici\u00f3n al viento y al sol. Recuerda visitar a un especialista si sientes molestias en los ojos o si notas que tienes visi\u00f3n borrosa.<\/p>\n","protected":false},"excerpt":{"rendered":"<p>La exposici\u00f3n prolongada a los rayos ultravioleta (UV) del sol no solo afecta a la piel, sino tambi\u00e9n a los ojos. En el verano, especialmente en Chile, donde las temperaturas suben considerablemente, es esencial tomar precauciones para proteger la vista de los da\u00f1os causados por la radiaci\u00f3n solar. Una de las mejores formas de proteger&#8230;<\/p>\n","protected":false},"author":428,"featured_media":23831,"comment_status":"closed","ping_status":"closed","sticky":false,"template":"","format":"standard","meta":{"_acf_changed":false,"footnotes":""},"categories":[1],"tags":[],"class_list":["post-23823","post","type-post","status-publish","format-standard","has-post-thumbnail","hentry","category-salud-y-bienestar"],"acf":[],"_links":{"self":[{"href":"https:\/\/farmaciaschilespa.cl\/index.php\/wp-json\/wp\/v2\/posts\/23823","targetHints":{"allow":["GET"]}}],"collection":[{"href":"https:\/\/farmaciaschilespa.cl\/index.php\/wp-json\/wp\/v2\/posts"}],"about":[{"href":"https:\/\/farmaciaschilespa.cl\/index.php\/wp-json\/wp\/v2\/types\/post"}],"author":[{"embeddable":true,"href":"https:\/\/farmaciaschilespa.cl\/index.php\/wp-json\/wp\/v2\/users\/428"}],"replies":[{"embeddable":true,"href":"https:\/\/farmaciaschilespa.cl\/index.php\/wp-json\/wp\/v2\/comments?post=23823"}],"version-history":[{"count":1,"href":"https:\/\/farmaciaschilespa.cl\/index.php\/wp-json\/wp\/v2\/posts\/23823\/revisions"}],"predecessor-version":[{"id":23832,"href":"https:\/\/farmaciaschilespa.cl\/index.php\/wp-json\/wp\/v2\/posts\/23823\/revisions\/23832"}],"wp:featuredmedia":[{"embeddable":true,"href":"https:\/\/farmaciaschilespa.cl\/index.php\/wp-json\/wp\/v2\/media\/23831"}],"wp:attachment":[{"href":"https:\/\/farmaciaschilespa.cl\/index.php\/wp-json\/wp\/v2\/media?parent=23823"}],"wp:term":[{"taxonomy":"category","embeddable":true,"href":"https:\/\/farmaciaschilespa.cl\/index.php\/wp-json\/wp\/v2\/categories?post=23823"},{"taxonomy":"post_tag","embeddable":true,"href":"https:\/\/farmaciaschilespa.cl\/index.php\/wp-json\/wp\/v2\/tags?post=23823"}],"curies":[{"name":"wp","href":"https:\/\/api.w.org\/{rel}","templated":true}]}}